{"id":762,"date":"2024-02-05T21:51:51","date_gmt":"2024-02-05T21:51:51","guid":{"rendered":"https:\/\/lexpert.cetrexmarketing.com\/?p=1143"},"modified":"2024-02-05T21:51:51","modified_gmt":"2024-02-05T21:51:51","slug":"el-tribunal-constitucional-espanol-anula-ciertas-medidas-del-impuesto-de-sociedades-introducidas-en-2016","status":"publish","type":"post","link":"https:\/\/lexpert.cetrexmarketing.com\/es\/el-tribunal-constitucional-espanol-anula-ciertas-medidas-del-impuesto-de-sociedades-introducidas-en-2016\/","title":{"rendered":"El Tribunal Constitucional espa\u00f1ol anula ciertas medidas del impuesto sobre sociedades introducidas el 2016"},"content":{"rendered":"<p><img fetchpriority=\"high\" decoding=\"async\" class=\"wp-image-235 size-full\" src=\"https:\/\/lexpert.cetrexmarketing.com\/wp-content\/uploads\/2024\/03\/pexels-katrin-bolovtsova-6077326.jpg\" alt=\"\" width=\"2000\" height=\"1333\" \/><\/p>\n<h6><strong>1.Resumen<\/strong><\/h6>\n<p>El 18 de enero de 2024, el Tribunal Constitucional espa\u00f1ol (<strong>\u201cTC\u201d<\/strong>) emiti\u00f3 su sentencia n\u00famero 11\/2024 y declar\u00f3 inconstitucionales ciertas medidas restrictivas del impuesto sobre sociedades (<strong>\u201cIS\u201d<\/strong>) introducidas en el a\u00f1o 2016. Estas medidas afectaban a grandes sociedades, as\u00ed como a sociedades que en el pasado hab\u00edan sido titulares de participaciones en otras sociedades y que hab\u00edan declarado una p\u00e9rdida por deterioro de dichas participaciones.<\/p>\n<p>Sin embargo, el TC, en l\u00ednea con decisiones anteriores, limit\u00f3 los efectos de su sentencia a aquellos casos en los que los contribuyentes hab\u00edan impugnado las mencionadas medidas del IS antes de la fecha de publicaci\u00f3n de la sentencia del TC y su caso no hab\u00eda adquirido firmeza.<\/p>\n<p>La decisi\u00f3n del TC resalta la importancia de buscar asesoramiento fiscal experto con antelaci\u00f3n, as\u00ed como de tener estrategias adecuadas de litigaci\u00f3n fiscal.<\/p>\n<h6><strong style=\"font-size: 1.1em;\">2.<\/strong><strong>Antecedentes<\/strong><\/h6>\n<p>El 2 de diciembre de 2016, el Gobierno espa\u00f1ol aprob\u00f3 el Real Decreto-Ley No. 3\/2016 (<strong>\u201cRDL 3\/2016\u201d<\/strong>), que fue publicado en el Bolet\u00edn Oficial del Estado al d\u00eda siguiente.<\/p>\n<p>El RDL 3\/2016 introdujo varias medidas fiscales restrictivas con el objetivo de aumentar los ingresos fiscales y abordar un d\u00e9ficit presupuestario prolongado. Entre otras medidas, introdujo las siguientes medidas del IS con efecto retroactivo a los per\u00edodos impositivos que comenzaron el 1 de enero de 2016:<\/p>\n<ul>\n<li>Una limitaci\u00f3n mayor del importe de las p\u00e9rdidas fiscales que las empresas tienen derecho a compensar.<\/li>\n<li>Un nuevo l\u00edmite en relaci\u00f3n con el importe de los cr\u00e9ditos fiscales para evitar la doble imposici\u00f3n internacional que las empresas tienen derecho a deducir.<\/li>\n<li>Una nueva obligaci\u00f3n de revertir las p\u00e9rdidas fiscales por deterioro declaradas antes de 2013 en relaci\u00f3n con valores representativos del capital social en otras sociedades.<\/li>\n<\/ul>\n<p>Las dos primeras medidas se dirigieron a empresas grandes y relativamente grandes, mientras que la tercera medida afect\u00f3 a cualquier empresa que era titular de valores en otras sociedades y que hubiesen declarado una p\u00e9rdida fiscal por el deterioro del valor de dicha participada.<\/p>\n<p>Una empresa espa\u00f1ola no estuvo de acuerdo con el uso de un Real Decreto-Ley en lugar de una ley ordinaria para introducir las mencionadas medidas fiscales restrictivas. En consecuencia, impugn\u00f3 ante los tribunales la Orden Ministerial que aprobaba el modelo de declaraci\u00f3n del IS para el a\u00f1o 2016, que inclu\u00eda las nuevas casillas que reflejaban las medidas restrictivas implementadas por el RDL 3\/2016.<\/p>\n<p>El tribunal competente dud\u00f3 sobre la constitucionalidad del RDL 3\/2016 y plante\u00f3 una cuesti\u00f3n de inconstitucionalidad al TC.<\/p>\n<p><strong style=\"font-size: 1.1em;\">3.La decisi\u00f3n del Tribunal Constitucional<\/strong><\/p>\n<p>El 18 de enero de 2024, el TC deliber\u00f3 y examin\u00f3 la constitucionalidad del RDL 3\/2016.<\/p>\n<p>En particular, y considerando la pregunta planteada por el tribunal remitente, el an\u00e1lisis del TC se limit\u00f3 a evaluar si el RDL 3\/2016 infring\u00eda el l\u00edmite sustantivo que el Art\u00edculo 86.1 de la Constituci\u00f3n impone al Gobierno al emitir Decretos-Leyes, en relaci\u00f3n con el deber de contribuir al sostenimiento de los gastos p\u00fablicos del Estado regulado en el Art\u00edculo 31.1 de la Constituci\u00f3n.<\/p>\n<p>El Art\u00edculo 86.1 de la Constituci\u00f3n establece lo siguiente:<\/p>\n<p><em>\u201c1. En caso de extraordinaria y urgente necesidad, el Gobierno podr\u00e1 dictar disposiciones legislativas provisionales que tomar\u00e1n la forma de Decretos-Leyes y que no podr\u00e1n afectar al ordenamiento de las instituciones b\u00e1sicas del Estado, a los derechos, deberes y libertades de los ciudadanos regulados en el T\u00edtulo I, al r\u00e9gimen de las Comunidades Aut\u00f3nomas ni al Derecho electoral general.\u201d<\/em><\/p>\n<p>El Art\u00edculo 31.1 de la Constituci\u00f3n \u2013 que se incluye en su T\u00edtulo I \u2013 establece lo siguiente:<\/p>\n<p><em>\u201c1. Todos contribuir\u00e1n al sostenimiento de los gastos p\u00fablicos de acuerdo con su capacidad econ\u00f3mica mediante un sistema tributario justo inspirado en los principios de igualdad y progresividad que, en ning\u00fan caso, tendr\u00e1 alcance confiscatorio.\u201d<\/em><\/p>\n<p>El TC, en su sentencia, concluy\u00f3 que el RDL 3\/2016 afectaba al deber de contribuir al sostenimiento de los gastos p\u00fablicos del Estado, un resultado que est\u00e1 prohibido por el Art\u00edculo 86.1 de la Constituci\u00f3n, argumentado que:<\/p>\n<ul>\n<li>El IS es un pilar b\u00e1sico de la tributaci\u00f3n directa en Espa\u00f1a;<\/li>\n<li>Los aspectos del IS que fueron modificados por el RDL 3\/2016 son la base imponible y la cuota tributaria, que son componentes estructurales del IS; y<\/li>\n<li>El RDL 3\/2016 tuvo un impacto significativo en t\u00e9rminos de aumento de los ingresos del IS.<\/li>\n<\/ul>\n<p>En consecuencia, el TC declar\u00f3 inconstitucionales las medidas del IS introducidas por el RDL 3\/2016, por lo tanto, las declar\u00f3 nulas y sin efecto.<\/p>\n<p>Sin embargo, el TC limit\u00f3 los efectos de su propia sentencia, en l\u00ednea con su sentencia n\u00fam. 182\/2021 relativa al IIVTNU (com\u00fanmente conocido como \u201cplusval\u00eda municipal\u201d). El TC argument\u00f3 que preservar la seguridad jur\u00eddica aconsejaban imponer tal limitaci\u00f3n. En particular, el TC dictamin\u00f3 que los efectos de su declaraci\u00f3n de inconstitucionalidad no deber\u00edan extenderse a las siguientes situaciones:<\/p>\n<ul>\n<li>A las obligaciones fiscales respecto de las cuales se hubiera dictado una sentencia firme con fuerza de cosa juzgada o una resoluci\u00f3n administrativa firme antes de la fecha de la decisi\u00f3n del TC; y<\/li>\n<li>A las liquidaciones fiscales que no hubieran sido impugnadas y a las autoliquidaciones respecto de las cuales no se hubiera solicitado una rectificaci\u00f3n, en ambos casos antes de la fecha de la decisi\u00f3n del TC.<\/li>\n<\/ul>\n<p>Uno de los jueces del TC emiti\u00f3 un voto particular parcialmente discrepante. Dicho juez estuvo de acuerdo con la posici\u00f3n de fondo del TC y con la limitaci\u00f3n de efectos en esas situaciones fiscales mencionadas en el primer punto anterior. Sin embargo, consider\u00f3 que el TC deber\u00eda haber justificado por qu\u00e9 eligi\u00f3 limitar los efectos de esas situaciones fiscales mencionadas en el segundo punto anterior.<\/p>\n<p><strong style=\"font-size: 1.1em;\">4.Nuestros comentarios<\/strong><\/p>\n<p>Estamos de acuerdo con el razonamiento de fondo del TC. El Gobierno, una vez m\u00e1s, utiliz\u00f3 indebidamente un Real Decreto-Ley para regular asuntos fiscales que deber\u00edan ser regidos por una ley ordinaria aprobada por el Parlamento. La decisi\u00f3n del TC a\u00f1ade otro rev\u00e9s a la larga lista de decisiones desfavorables recibidas por el Gobierno como consecuencia del uso incorrecto de Decretos-Leyes en asuntos fiscales, como ya se ocurri\u00f3 en las sentencias del TC 73\/2017 y 78\/2020.<\/p>\n<p>Sin embargo, la decisi\u00f3n del TC de limitar sus propios efectos es m\u00e1s cuestionable. En particular, la decisi\u00f3n de limitar sus efectos en el caso de liquidaciones fiscales o autoliquidaciones que a\u00fan se encuentran dentro del plazo de prescripci\u00f3n de 4 a\u00f1os, pero donde el contribuyente no las impugn\u00f3 ni solicit\u00f3 una rectificaci\u00f3n de su propia declaraci\u00f3n de impuestos. El TC env\u00eda un mensaje claro a los contribuyentes, de la misma manera que lo hizo en su sentencia n\u00fam. 182\/2021: si existen dudas sobre la constitucionalidad de una determinada disposici\u00f3n legal que afecta a una obligaci\u00f3n fiscal, el contribuyente est\u00e1 bajo una especie de obligaci\u00f3n impl\u00edcita de impugnarla ante las autoridades fiscales, y en \u00faltima instancia, ante los comit\u00e9s y tribunales fiscales. Si el contribuyente no objeta de antemano, no se beneficiar\u00e1 de una eventual decisi\u00f3n de inconstitucionalidad del TC.<\/p>\n<p>Una consecuencia no deseada pero probable de la decisi\u00f3n del TC es que los contribuyentes ahora tienen un incentivo para litigar de manera preventiva, de lo contrario podr\u00eda considerarse que est\u00e1n renunciando a sus derechos. Es dif\u00edcil ver c\u00f3mo esto contribuir\u00e1 a reducir la ya alta litigiosidad, as\u00ed como la existente acumulaci\u00f3n de asuntos pendientes ante las autoridades fiscales, los tribunales econ\u00f3mico-administrativos y los tribunales.<\/p>\n<p>Por \u00faltimo, un consejo desde una perspectiva pr\u00e1ctica: los contribuyentes deben tener cuidado con impugnar sus propias declaraciones de impuestos demasiado pronto. En este caso, la decisi\u00f3n del TC se produjo m\u00e1s de 7 a\u00f1os despu\u00e9s de que se publicaron las medidas inconstitucionales (RDL 3\/2016). En algunos casos, una disputa fiscal podr\u00eda haber completado todas las etapas judiciales y, por lo tanto, haberse vuelto firme. Por lo tanto, la clave es mantener vivas las controversias fiscales, hasta que en alg\u00fan momento el TC o cualquier otro \u00f3rgano final emita su decisi\u00f3n. Esto requiere el asesoramiento experto de abogados especializados en litigios fiscales, que est\u00e9n bien versados en los procedimientos y estrategias de litigio fiscal, y que est\u00e9n al d\u00eda con los desaf\u00edos en curso a las leyes fiscales que se presentan ante instancias judiciales superiores (el Tribunal Supremo, el TC, el Tribunal de Justicia de la Uni\u00f3n Europea, etc.).<\/p>\n<p>En resumen, la decisi\u00f3n del TC resalta la importancia de buscar asesoramiento fiscal experto con anticipaci\u00f3n y tener estrategias adecuadas de litigaci\u00f3n fiscal.<\/p>\n<p><strong style=\"font-size: 1.1em;\">5. C\u00f3mo podemos ayudar<\/strong><\/p>\n<p>Nuestro equipo de fiscalidad en Espa\u00f1a es experto en impuesto sobre sociedades y en litigaci\u00f3n fiscal. Regularmente asesoran a clientes y los representan en contenciosos fiscales ante las autoridades fiscales, los tribunales econ\u00f3mico-administrativos y los tribunales. No dude en contactarnos si necesita ayuda.<\/p>\n","protected":false},"excerpt":{"rendered":"<p>1.Resumen El 18 de enero de 2024, el Tribunal Constitucional espa\u00f1ol (\u201cTC\u201d) emiti\u00f3 su sentencia n\u00famero 11\/2024 y declar\u00f3 inconstitucionales ciertas medidas restrictivas del impuesto sobre sociedades (\u201cIS\u201d) introducidas en el a\u00f1o 2016. Estas medidas afectaban a grandes sociedades, as\u00ed como a sociedades que en el pasado hab\u00edan sido titulares de participaciones en otras sociedades [&hellip;]<\/p>\n","protected":false},"author":1,"featured_media":754,"comment_status":"closed","ping_status":"closed","sticky":false,"template":"","format":"standard","meta":{"site-sidebar-layout":"default","site-content-layout":"","ast-site-content-layout":"default","site-content-style":"default","site-sidebar-style":"default","ast-global-header-display":"","ast-banner-title-visibility":"","ast-main-header-display":"","ast-hfb-above-header-display":"","ast-hfb-below-header-display":"","ast-hfb-mobile-header-display":"","site-post-title":"","ast-breadcrumbs-content":"","ast-featured-img":"","footer-sml-layout":"","theme-transparent-header-meta":"default","adv-header-id-meta":"","stick-header-meta":"default","header-above-stick-meta":"","header-main-stick-meta":"","header-below-stick-meta":"","astra-migrate-meta-layouts":"set","ast-page-background-enabled":"default","ast-page-background-meta":{"desktop":{"background-color":"var(--ast-global-color-4)","background-image":"","background-repeat":"repeat","background-position":"center center","background-size":"auto","background-attachment":"scroll","background-type":"","background-media":"","overlay-type":"","overlay-color":"","overlay-opacity":"","overlay-gradient":""},"tablet":{"background-color":"","background-image":"","background-repeat":"repeat","background-position":"center center","background-size":"auto","background-attachment":"scroll","background-type":"","background-media":"","overlay-type":"","overlay-color":"","overlay-opacity":"","overlay-gradient":""},"mobile":{"background-color":"","background-image":"","background-repeat":"repeat","background-position":"center center","background-size":"auto","background-attachment":"scroll","background-type":"","background-media":"","overlay-type":"","overlay-color":"","overlay-opacity":"","overlay-gradient":""}},"ast-content-background-meta":{"desktop":{"background-color":"var(--ast-global-color-5)","background-image":"","background-repeat":"repeat","background-position":"center center","background-size":"auto","background-attachment":"scroll","background-type":"","background-media":"","overlay-type":"","overlay-color":"","overlay-opacity":"","overlay-gradient":""},"tablet":{"background-color":"var(--ast-global-color-5)","background-image":"","background-repeat":"repeat","background-position":"center center","background-size":"auto","background-attachment":"scroll","background-type":"","background-media":"","overlay-type":"","overlay-color":"","overlay-opacity":"","overlay-gradient":""},"mobile":{"background-color":"var(--ast-global-color-5)","background-image":"","background-repeat":"repeat","background-position":"center center","background-size":"auto","background-attachment":"scroll","background-type":"","background-media":"","overlay-type":"","overlay-color":"","overlay-opacity":"","overlay-gradient":""}},"footnotes":""},"categories":[],"tags":[],"class_list":["post-762","post","type-post","status-publish","format-standard","has-post-thumbnail","hentry"],"yoast_head":"<!-- This site is optimized with the Yoast SEO plugin v25.2 - https:\/\/yoast.com\/wordpress\/plugins\/seo\/ -->\n<title>El Tribunal Constitucional espa\u00f1ol anula ciertas medidas del impuesto sobre sociedades introducidas el 2016 - LEXPERT<\/title>\n<meta name=\"robots\" content=\"noindex, follow, max-snippet:-1, max-image-preview:large, max-video-preview:-1\" \/>\n<meta property=\"og:locale\" content=\"es_ES\" \/>\n<meta property=\"og:type\" content=\"article\" \/>\n<meta property=\"og:title\" content=\"El Tribunal Constitucional espa\u00f1ol anula ciertas medidas del impuesto sobre sociedades introducidas el 2016 - LEXPERT\" \/>\n<meta property=\"og:description\" content=\"1.Resumen El 18 de enero de 2024, el Tribunal Constitucional espa\u00f1ol (\u201cTC\u201d) emiti\u00f3 su sentencia n\u00famero 11\/2024 y declar\u00f3 inconstitucionales ciertas medidas restrictivas del impuesto sobre sociedades (\u201cIS\u201d) introducidas en el a\u00f1o 2016. Estas medidas afectaban a grandes sociedades, as\u00ed como a sociedades que en el pasado hab\u00edan sido titulares de participaciones en otras sociedades [&hellip;]\" \/>\n<meta property=\"og:url\" content=\"https:\/\/lexpert.cetrexmarketing.com\/el-tribunal-constitucional-espanol-anula-ciertas-medidas-del-impuesto-de-sociedades-introducidas-en-2016\/\" \/>\n<meta property=\"og:site_name\" content=\"LEXPERT\" \/>\n<meta property=\"article:published_time\" content=\"2024-02-05T21:51:51+00:00\" \/>\n<meta property=\"og:image\" content=\"https:\/\/lexpert.cetrexmarketing.com\/wp-content\/uploads\/2024\/03\/pexels-katrin-bolovtsova-6077326.jpg\" \/>\n\t<meta property=\"og:image:width\" content=\"2000\" \/>\n\t<meta property=\"og:image:height\" content=\"1333\" \/>\n\t<meta property=\"og:image:type\" content=\"image\/jpeg\" \/>\n<meta name=\"author\" content=\"admin\" \/>\n<meta name=\"twitter:card\" content=\"summary_large_image\" \/>\n<meta name=\"twitter:label1\" content=\"Escrito por\" \/>\n\t<meta name=\"twitter:data1\" content=\"admin\" \/>\n\t<meta name=\"twitter:label2\" content=\"Tiempo de lectura\" \/>\n\t<meta name=\"twitter:data2\" content=\"7 minutos\" \/>\n<script type=\"application\/ld+json\" class=\"yoast-schema-graph\">{\"@context\":\"https:\/\/schema.org\",\"@graph\":[{\"@type\":\"Article\",\"@id\":\"https:\/\/lexpert.cetrexmarketing.com\/el-tribunal-constitucional-espanol-anula-ciertas-medidas-del-impuesto-de-sociedades-introducidas-en-2016\/#article\",\"isPartOf\":{\"@id\":\"https:\/\/lexpert.cetrexmarketing.com\/el-tribunal-constitucional-espanol-anula-ciertas-medidas-del-impuesto-de-sociedades-introducidas-en-2016\/\"},\"author\":{\"name\":\"admin\",\"@id\":\"https:\/\/lexpert.cetrexmarketing.com\/#\/schema\/person\/5f3f5f43697fcfb1713fd010ef590117\"},\"headline\":\"El Tribunal Constitucional espa\u00f1ol anula ciertas medidas del impuesto sobre sociedades introducidas el 2016\",\"datePublished\":\"2024-02-05T21:51:51+00:00\",\"mainEntityOfPage\":{\"@id\":\"https:\/\/lexpert.cetrexmarketing.com\/el-tribunal-constitucional-espanol-anula-ciertas-medidas-del-impuesto-de-sociedades-introducidas-en-2016\/\"},\"wordCount\":1520,\"publisher\":{\"@id\":\"https:\/\/lexpert.cetrexmarketing.com\/#organization\"},\"image\":{\"@id\":\"https:\/\/lexpert.cetrexmarketing.com\/el-tribunal-constitucional-espanol-anula-ciertas-medidas-del-impuesto-de-sociedades-introducidas-en-2016\/#primaryimage\"},\"thumbnailUrl\":\"https:\/\/lexpert.cetrexmarketing.com\/wp-content\/uploads\/2024\/03\/pexels-katrin-bolovtsova-6077326.jpg\",\"inLanguage\":\"es\"},{\"@type\":\"WebPage\",\"@id\":\"https:\/\/lexpert.cetrexmarketing.com\/el-tribunal-constitucional-espanol-anula-ciertas-medidas-del-impuesto-de-sociedades-introducidas-en-2016\/\",\"url\":\"https:\/\/lexpert.cetrexmarketing.com\/el-tribunal-constitucional-espanol-anula-ciertas-medidas-del-impuesto-de-sociedades-introducidas-en-2016\/\",\"name\":\"El Tribunal Constitucional espa\u00f1ol anula ciertas medidas del impuesto sobre sociedades introducidas el 2016 - LEXPERT\",\"isPartOf\":{\"@id\":\"https:\/\/lexpert.cetrexmarketing.com\/#website\"},\"primaryImageOfPage\":{\"@id\":\"https:\/\/lexpert.cetrexmarketing.com\/el-tribunal-constitucional-espanol-anula-ciertas-medidas-del-impuesto-de-sociedades-introducidas-en-2016\/#primaryimage\"},\"image\":{\"@id\":\"https:\/\/lexpert.cetrexmarketing.com\/el-tribunal-constitucional-espanol-anula-ciertas-medidas-del-impuesto-de-sociedades-introducidas-en-2016\/#primaryimage\"},\"thumbnailUrl\":\"https:\/\/lexpert.cetrexmarketing.com\/wp-content\/uploads\/2024\/03\/pexels-katrin-bolovtsova-6077326.jpg\",\"datePublished\":\"2024-02-05T21:51:51+00:00\",\"breadcrumb\":{\"@id\":\"https:\/\/lexpert.cetrexmarketing.com\/el-tribunal-constitucional-espanol-anula-ciertas-medidas-del-impuesto-de-sociedades-introducidas-en-2016\/#breadcrumb\"},\"inLanguage\":\"es\",\"potentialAction\":[{\"@type\":\"ReadAction\",\"target\":[\"https:\/\/lexpert.cetrexmarketing.com\/el-tribunal-constitucional-espanol-anula-ciertas-medidas-del-impuesto-de-sociedades-introducidas-en-2016\/\"]}]},{\"@type\":\"ImageObject\",\"inLanguage\":\"es\",\"@id\":\"https:\/\/lexpert.cetrexmarketing.com\/el-tribunal-constitucional-espanol-anula-ciertas-medidas-del-impuesto-de-sociedades-introducidas-en-2016\/#primaryimage\",\"url\":\"https:\/\/lexpert.cetrexmarketing.com\/wp-content\/uploads\/2024\/03\/pexels-katrin-bolovtsova-6077326.jpg\",\"contentUrl\":\"https:\/\/lexpert.cetrexmarketing.com\/wp-content\/uploads\/2024\/03\/pexels-katrin-bolovtsova-6077326.jpg\",\"width\":2000,\"height\":1333},{\"@type\":\"BreadcrumbList\",\"@id\":\"https:\/\/lexpert.cetrexmarketing.com\/el-tribunal-constitucional-espanol-anula-ciertas-medidas-del-impuesto-de-sociedades-introducidas-en-2016\/#breadcrumb\",\"itemListElement\":[{\"@type\":\"ListItem\",\"position\":1,\"name\":\"Home\",\"item\":\"https:\/\/lexpert.cetrexmarketing.com\/\"},{\"@type\":\"ListItem\",\"position\":2,\"name\":\"El Tribunal Constitucional espa\u00f1ol anula ciertas medidas del impuesto sobre sociedades introducidas el 2016\"}]},{\"@type\":\"WebSite\",\"@id\":\"https:\/\/lexpert.cetrexmarketing.com\/#website\",\"url\":\"https:\/\/lexpert.cetrexmarketing.com\/\",\"name\":\"LEXPERT\",\"description\":\"\",\"publisher\":{\"@id\":\"https:\/\/lexpert.cetrexmarketing.com\/#organization\"},\"potentialAction\":[{\"@type\":\"SearchAction\",\"target\":{\"@type\":\"EntryPoint\",\"urlTemplate\":\"https:\/\/lexpert.cetrexmarketing.com\/?s={search_term_string}\"},\"query-input\":{\"@type\":\"PropertyValueSpecification\",\"valueRequired\":true,\"valueName\":\"search_term_string\"}}],\"inLanguage\":\"es\"},{\"@type\":\"Organization\",\"@id\":\"https:\/\/lexpert.cetrexmarketing.com\/#organization\",\"name\":\"LEXPERT\",\"url\":\"https:\/\/lexpert.cetrexmarketing.com\/\",\"logo\":{\"@type\":\"ImageObject\",\"inLanguage\":\"es\",\"@id\":\"https:\/\/lexpert.cetrexmarketing.com\/#\/schema\/logo\/image\/\",\"url\":\"https:\/\/lexpert.cetrexmarketing.com\/wp-content\/uploads\/2026\/03\/Recurso-3lexpert.png\",\"contentUrl\":\"https:\/\/lexpert.cetrexmarketing.com\/wp-content\/uploads\/2026\/03\/Recurso-3lexpert.png\",\"width\":484,\"height\":79,\"caption\":\"LEXPERT\"},\"image\":{\"@id\":\"https:\/\/lexpert.cetrexmarketing.com\/#\/schema\/logo\/image\/\"}},{\"@type\":\"Person\",\"@id\":\"https:\/\/lexpert.cetrexmarketing.com\/#\/schema\/person\/5f3f5f43697fcfb1713fd010ef590117\",\"name\":\"admin\",\"image\":{\"@type\":\"ImageObject\",\"inLanguage\":\"es\",\"@id\":\"https:\/\/lexpert.cetrexmarketing.com\/#\/schema\/person\/image\/\",\"url\":\"https:\/\/secure.gravatar.com\/avatar\/b700de3fbacf65d2172195421a8a4e102dc309b05c27fcba8fef83dc40c8a1af?s=96&d=mm&r=g\",\"contentUrl\":\"https:\/\/secure.gravatar.com\/avatar\/b700de3fbacf65d2172195421a8a4e102dc309b05c27fcba8fef83dc40c8a1af?s=96&d=mm&r=g\",\"caption\":\"admin\"},\"url\":\"https:\/\/lexpert.cetrexmarketing.com\/es\/author\/admin2\/\"}]}<\/script>\n<!-- \/ Yoast SEO plugin. -->","yoast_head_json":{"title":"El Tribunal Constitucional espa\u00f1ol anula ciertas medidas del impuesto sobre sociedades introducidas el 2016 - LEXPERT","robots":{"index":"noindex","follow":"follow","max-snippet":"max-snippet:-1","max-image-preview":"max-image-preview:large","max-video-preview":"max-video-preview:-1"},"og_locale":"es_ES","og_type":"article","og_title":"El Tribunal Constitucional espa\u00f1ol anula ciertas medidas del impuesto sobre sociedades introducidas el 2016 - LEXPERT","og_description":"1.Resumen El 18 de enero de 2024, el Tribunal Constitucional espa\u00f1ol (\u201cTC\u201d) emiti\u00f3 su sentencia n\u00famero 11\/2024 y declar\u00f3 inconstitucionales ciertas medidas restrictivas del impuesto sobre sociedades (\u201cIS\u201d) introducidas en el a\u00f1o 2016. Estas medidas afectaban a grandes sociedades, as\u00ed como a sociedades que en el pasado hab\u00edan sido titulares de participaciones en otras sociedades [&hellip;]","og_url":"https:\/\/lexpert.cetrexmarketing.com\/el-tribunal-constitucional-espanol-anula-ciertas-medidas-del-impuesto-de-sociedades-introducidas-en-2016\/","og_site_name":"LEXPERT","article_published_time":"2024-02-05T21:51:51+00:00","og_image":[{"width":2000,"height":1333,"url":"https:\/\/lexpert.cetrexmarketing.com\/wp-content\/uploads\/2024\/03\/pexels-katrin-bolovtsova-6077326.jpg","type":"image\/jpeg"}],"author":"admin","twitter_card":"summary_large_image","twitter_misc":{"Escrito por":"admin","Tiempo de lectura":"7 minutos"},"schema":{"@context":"https:\/\/schema.org","@graph":[{"@type":"Article","@id":"https:\/\/lexpert.cetrexmarketing.com\/el-tribunal-constitucional-espanol-anula-ciertas-medidas-del-impuesto-de-sociedades-introducidas-en-2016\/#article","isPartOf":{"@id":"https:\/\/lexpert.cetrexmarketing.com\/el-tribunal-constitucional-espanol-anula-ciertas-medidas-del-impuesto-de-sociedades-introducidas-en-2016\/"},"author":{"name":"admin","@id":"https:\/\/lexpert.cetrexmarketing.com\/#\/schema\/person\/5f3f5f43697fcfb1713fd010ef590117"},"headline":"El Tribunal Constitucional espa\u00f1ol anula ciertas medidas del impuesto sobre sociedades introducidas el 2016","datePublished":"2024-02-05T21:51:51+00:00","mainEntityOfPage":{"@id":"https:\/\/lexpert.cetrexmarketing.com\/el-tribunal-constitucional-espanol-anula-ciertas-medidas-del-impuesto-de-sociedades-introducidas-en-2016\/"},"wordCount":1520,"publisher":{"@id":"https:\/\/lexpert.cetrexmarketing.com\/#organization"},"image":{"@id":"https:\/\/lexpert.cetrexmarketing.com\/el-tribunal-constitucional-espanol-anula-ciertas-medidas-del-impuesto-de-sociedades-introducidas-en-2016\/#primaryimage"},"thumbnailUrl":"https:\/\/lexpert.cetrexmarketing.com\/wp-content\/uploads\/2024\/03\/pexels-katrin-bolovtsova-6077326.jpg","inLanguage":"es"},{"@type":"WebPage","@id":"https:\/\/lexpert.cetrexmarketing.com\/el-tribunal-constitucional-espanol-anula-ciertas-medidas-del-impuesto-de-sociedades-introducidas-en-2016\/","url":"https:\/\/lexpert.cetrexmarketing.com\/el-tribunal-constitucional-espanol-anula-ciertas-medidas-del-impuesto-de-sociedades-introducidas-en-2016\/","name":"El Tribunal Constitucional espa\u00f1ol anula ciertas medidas del impuesto sobre sociedades introducidas el 2016 - LEXPERT","isPartOf":{"@id":"https:\/\/lexpert.cetrexmarketing.com\/#website"},"primaryImageOfPage":{"@id":"https:\/\/lexpert.cetrexmarketing.com\/el-tribunal-constitucional-espanol-anula-ciertas-medidas-del-impuesto-de-sociedades-introducidas-en-2016\/#primaryimage"},"image":{"@id":"https:\/\/lexpert.cetrexmarketing.com\/el-tribunal-constitucional-espanol-anula-ciertas-medidas-del-impuesto-de-sociedades-introducidas-en-2016\/#primaryimage"},"thumbnailUrl":"https:\/\/lexpert.cetrexmarketing.com\/wp-content\/uploads\/2024\/03\/pexels-katrin-bolovtsova-6077326.jpg","datePublished":"2024-02-05T21:51:51+00:00","breadcrumb":{"@id":"https:\/\/lexpert.cetrexmarketing.com\/el-tribunal-constitucional-espanol-anula-ciertas-medidas-del-impuesto-de-sociedades-introducidas-en-2016\/#breadcrumb"},"inLanguage":"es","potentialAction":[{"@type":"ReadAction","target":["https:\/\/lexpert.cetrexmarketing.com\/el-tribunal-constitucional-espanol-anula-ciertas-medidas-del-impuesto-de-sociedades-introducidas-en-2016\/"]}]},{"@type":"ImageObject","inLanguage":"es","@id":"https:\/\/lexpert.cetrexmarketing.com\/el-tribunal-constitucional-espanol-anula-ciertas-medidas-del-impuesto-de-sociedades-introducidas-en-2016\/#primaryimage","url":"https:\/\/lexpert.cetrexmarketing.com\/wp-content\/uploads\/2024\/03\/pexels-katrin-bolovtsova-6077326.jpg","contentUrl":"https:\/\/lexpert.cetrexmarketing.com\/wp-content\/uploads\/2024\/03\/pexels-katrin-bolovtsova-6077326.jpg","width":2000,"height":1333},{"@type":"BreadcrumbList","@id":"https:\/\/lexpert.cetrexmarketing.com\/el-tribunal-constitucional-espanol-anula-ciertas-medidas-del-impuesto-de-sociedades-introducidas-en-2016\/#breadcrumb","itemListElement":[{"@type":"ListItem","position":1,"name":"Home","item":"https:\/\/lexpert.cetrexmarketing.com\/"},{"@type":"ListItem","position":2,"name":"El Tribunal Constitucional espa\u00f1ol anula ciertas medidas del impuesto sobre sociedades introducidas el 2016"}]},{"@type":"WebSite","@id":"https:\/\/lexpert.cetrexmarketing.com\/#website","url":"https:\/\/lexpert.cetrexmarketing.com\/","name":"LEXPERT","description":"","publisher":{"@id":"https:\/\/lexpert.cetrexmarketing.com\/#organization"},"potentialAction":[{"@type":"SearchAction","target":{"@type":"EntryPoint","urlTemplate":"https:\/\/lexpert.cetrexmarketing.com\/?s={search_term_string}"},"query-input":{"@type":"PropertyValueSpecification","valueRequired":true,"valueName":"search_term_string"}}],"inLanguage":"es"},{"@type":"Organization","@id":"https:\/\/lexpert.cetrexmarketing.com\/#organization","name":"LEXPERT","url":"https:\/\/lexpert.cetrexmarketing.com\/","logo":{"@type":"ImageObject","inLanguage":"es","@id":"https:\/\/lexpert.cetrexmarketing.com\/#\/schema\/logo\/image\/","url":"https:\/\/lexpert.cetrexmarketing.com\/wp-content\/uploads\/2026\/03\/Recurso-3lexpert.png","contentUrl":"https:\/\/lexpert.cetrexmarketing.com\/wp-content\/uploads\/2026\/03\/Recurso-3lexpert.png","width":484,"height":79,"caption":"LEXPERT"},"image":{"@id":"https:\/\/lexpert.cetrexmarketing.com\/#\/schema\/logo\/image\/"}},{"@type":"Person","@id":"https:\/\/lexpert.cetrexmarketing.com\/#\/schema\/person\/5f3f5f43697fcfb1713fd010ef590117","name":"admin","image":{"@type":"ImageObject","inLanguage":"es","@id":"https:\/\/lexpert.cetrexmarketing.com\/#\/schema\/person\/image\/","url":"https:\/\/secure.gravatar.com\/avatar\/b700de3fbacf65d2172195421a8a4e102dc309b05c27fcba8fef83dc40c8a1af?s=96&d=mm&r=g","contentUrl":"https:\/\/secure.gravatar.com\/avatar\/b700de3fbacf65d2172195421a8a4e102dc309b05c27fcba8fef83dc40c8a1af?s=96&d=mm&r=g","caption":"admin"},"url":"https:\/\/lexpert.cetrexmarketing.com\/es\/author\/admin2\/"}]}},"_links":{"self":[{"href":"https:\/\/lexpert.cetrexmarketing.com\/es\/wp-json\/wp\/v2\/posts\/762","targetHints":{"allow":["GET"]}}],"collection":[{"href":"https:\/\/lexpert.cetrexmarketing.com\/es\/wp-json\/wp\/v2\/posts"}],"about":[{"href":"https:\/\/lexpert.cetrexmarketing.com\/es\/wp-json\/wp\/v2\/types\/post"}],"author":[{"embeddable":true,"href":"https:\/\/lexpert.cetrexmarketing.com\/es\/wp-json\/wp\/v2\/users\/1"}],"replies":[{"embeddable":true,"href":"https:\/\/lexpert.cetrexmarketing.com\/es\/wp-json\/wp\/v2\/comments?post=762"}],"version-history":[{"count":0,"href":"https:\/\/lexpert.cetrexmarketing.com\/es\/wp-json\/wp\/v2\/posts\/762\/revisions"}],"wp:featuredmedia":[{"embeddable":true,"href":"https:\/\/lexpert.cetrexmarketing.com\/es\/wp-json\/wp\/v2\/media\/754"}],"wp:attachment":[{"href":"https:\/\/lexpert.cetrexmarketing.com\/es\/wp-json\/wp\/v2\/media?parent=762"}],"wp:term":[{"taxonomy":"category","embeddable":true,"href":"https:\/\/lexpert.cetrexmarketing.com\/es\/wp-json\/wp\/v2\/categories?post=762"},{"taxonomy":"post_tag","embeddable":true,"href":"https:\/\/lexpert.cetrexmarketing.com\/es\/wp-json\/wp\/v2\/tags?post=762"}],"curies":[{"name":"wp","href":"https:\/\/api.w.org\/{rel}","templated":true}]}}